{"id":316,"date":"2021-08-27T18:51:36","date_gmt":"2021-08-27T21:51:36","guid":{"rendered":"https:\/\/rubenscury.com.br\/blog\/?p=316"},"modified":"2022-12-02T13:03:36","modified_gmt":"2022-12-02T16:03:36","slug":"estudo-associa-a-fadiga-na-doenc%cc%a7a-de-parkinson-com-depressao-e-sonolencia","status":"publish","type":"post","link":"https:\/\/rubenscury.com.br\/blog\/estudo-associa-a-fadiga-na-doenc%cc%a7a-de-parkinson-com-depressao-e-sonolencia\/","title":{"rendered":"Estudo associa a fadiga na doenc\u0327a de Parkinson com depress\u00e3o e sonol\u00eancia"},"content":{"rendered":"\r\n<p>A fadiga \u00e9 um dos sintomas mais comuns em pacientes com doen\u00e7a de Parkinson. No entanto, a fadiga associada \u00e0 doen\u00e7a de Parkinson n\u00e3o \u00e9 igual a sensa\u00e7\u00e3o de cansa\u00e7o que voc\u00ea sente depois de um longo dia de trabalho, cuidando de seus filhos, ou depois de ter ins\u00f4nia por algumas noites seguidas.<\/p>\r\n\r\n\r\n\r\n<p><br \/>A fadiga relacionada \u00e0 doen\u00e7a de Parkinson \u00e9 muitas vezes descrita como uma <span class=\"has-inline-color\" style=\"color: #0a67d3;\">exaust\u00e3o<\/span>, \u00a0que faz com que pare\u00e7a imposs\u00edvel se mover, como se a pessoa n\u00e3o tivesse qualquer energia.<\/p>\r\n\r\n\r\n\r\n<p>Os pacientes relatam um cansa\u00e7o f\u00edsico profundo, diferente da sonol\u00eancia. Ele pode sentir que mesmo as tarefas di\u00e1rias simples &#8211; preparar o caf\u00e9 da manh\u00e3, atender o telefone, escrever uma lista de compras &#8211; provocam cansa\u00e7o.<\/p>\r\n\r\n\r\n\r\n<p>Al\u00e9m disso, outra caracter\u00edstica \u00e9 um <span class=\"has-inline-color\" style=\"color: #0a67d3;\">cansa\u00e7o mental debilitante<\/span>, que atrapalha a concentra\u00e7\u00e3o. A pessoa pode ter problemas para iniciar uma tarefa ou relembrar detalhes cotidianos.<\/p>\r\n\r\n\r\n\r\n<p><strong>Um estudo recente mostrou que a fadiga \u00e9 comumente associada \u00e0 sonol\u00eancia e \u00e0 depress\u00e3o.<\/strong>\u00a0<\/p>\r\n\r\n\r\n\r\n<p>Esse assunto \u00e9 extremamente importante pois tem forte impacto nas atividades da vida di\u00e1ria dos pacientes com Parkinson, e agrava a sobrecarga de seus cuidadores e familiares.<\/p>\r\n\r\n\r\n\r\n<h3 class=\"wp-block-heading\">O estudo cl\u00ednico<\/h3>\r\n\r\n\r\n\r\n<p>O estudo reuniu 232 pacientes com Parkinson que foram avaliados quanto a presen\u00e7a de fadiga, qualidade do sono (polissonografia), depress\u00e3o, ansiedade e gravidade dos sintomas motores (tremor, lentid\u00e3o e rigidez).<\/p>\r\n\r\n\r\n\r\n<p>Os resultados mostraram que pacientes com muita fadiga, tinham mais sonol\u00eancia de dia, mais lentid\u00e3o, mais tempo de doen\u00e7a, e mais ansiedade e depress\u00e3o.\u00a0<\/p>\r\n\r\n\r\n\r\n<p>Os pacientes com fadiga tinham altera\u00e7\u00e3o da arquitetura do sono vista na polissonografia. Ou seja, dormiam pior.<\/p>\r\n\r\n\r\n\r\n<p>Uma vez reconhecida como parte da doen\u00e7a de Parkinson, devemos tratar os pacientes de forma adequada.<\/p>\r\n\r\n\r\n\r\n<div class=\"wp-block-image\">\r\n<figure class=\"aligncenter size-large is-resized\"><img loading=\"lazy\" decoding=\"async\" class=\"wp-image-317\" src=\"https:\/\/rubenscury.com.br\/blog\/wp-content\/uploads\/2021\/08\/fadiga-title-min-1024x257.png\" alt=\"%imagem que representa filename%\" width=\"768\" height=\"193\" srcset=\"https:\/\/rubenscury.com.br\/blog\/wp-content\/uploads\/2021\/08\/fadiga-title-min-1024x257.png 1024w, https:\/\/rubenscury.com.br\/blog\/wp-content\/uploads\/2021\/08\/fadiga-title-min-300x75.png 300w, https:\/\/rubenscury.com.br\/blog\/wp-content\/uploads\/2021\/08\/fadiga-title-min-768x193.png 768w, https:\/\/rubenscury.com.br\/blog\/wp-content\/uploads\/2021\/08\/fadiga-title-min.png 1260w\" sizes=\"auto, (max-width: 768px) 100vw, 768px\" \/><\/figure>\r\n<\/div>\r\n\r\n\r\n\r\n<div class=\"wp-block-image\">\r\n<figure class=\"aligncenter size-full is-resized\"><img loading=\"lazy\" decoding=\"async\" class=\"wp-image-318\" src=\"https:\/\/rubenscury.com.br\/blog\/wp-content\/uploads\/2021\/08\/fadiga-parkinson-min.jpg\" alt=\"%imagem que representa filename%\" width=\"660\" height=\"408\"><\/figure>\r\n<\/div>\r\n\r\n\r\n\r\n<p>1. <strong><span class=\"has-inline-color\" style=\"color: #27ac95;\">Avalie seus medicamentos:<\/span><\/strong> os medicamentos para o Parkinson aumentam a disponibilidade de dopamina no c\u00e9rebro. Se voc\u00ea estiver tomando uma dose muito baixa, aliado a um\u00a0 n\u00edvel baixo de dopamina, isso pode deix\u00e1-lo fatigado.\u00a0<\/p>\r\n\r\n\r\n\r\n<p>Dessa forma, voc\u00ea deve discutir os sintomas com seu m\u00e9dico neurologista. \u00c0s vezes, o ajuste do medicamento,\u00a0 j\u00e1 ajuda na fadiga.<\/p>\r\n\r\n\r\n\r\n<p>2. <strong><span class=\"has-inline-color\" style=\"color: #27ac95;\">Exerc\u00edcio<\/span>:<\/strong> pode parecer contraintuitivo fazer exerc\u00edcios quando voc\u00ea est\u00e1 se sentindo lento, fadigado, mas muitos pacientes com Parkinson acham que come\u00e7ar o dia com exerc\u00edcios, como uma caminhada r\u00e1pida ou uma aula de yoga, aumenta a energia durante o restante do dia.<\/p>\r\n\r\n\r\n\r\n<p>E embora se exercitar vigorosamente no final do dia &#8211; algumas horas antes da hora de dormir &#8211; possa interferir no sono, um treino leve, como uma caminhada ou alguns alongamentos simples, pode ajud\u00e1-lo a relaxar e ter uma noite de sono melhor.\u00a0<\/p>\r\n\r\n\r\n\r\n<p class=\"azul\">Dica: Experimente tipos diferentes de exerc\u00edcio para descobrir o que lhe traz os melhores resultados.<\/p>\r\n\r\n\r\n\r\n<div class=\"wp-block-image\">\r\n<figure class=\"aligncenter size-full is-resized\"><img loading=\"lazy\" decoding=\"async\" class=\"wp-image-319\" src=\"https:\/\/rubenscury.com.br\/blog\/wp-content\/uploads\/2021\/08\/exercicio.jpg\" alt=\"%imagem que representa filename%\" width=\"750\" height=\"375\" srcset=\"https:\/\/rubenscury.com.br\/blog\/wp-content\/uploads\/2021\/08\/exercicio.jpg 1000w, https:\/\/rubenscury.com.br\/blog\/wp-content\/uploads\/2021\/08\/exercicio-300x150.jpg 300w, https:\/\/rubenscury.com.br\/blog\/wp-content\/uploads\/2021\/08\/exercicio-768x384.jpg 768w\" sizes=\"auto, (max-width: 750px) 100vw, 750px\" \/><\/figure>\r\n<\/div>\r\n\r\n\r\n\r\n<p>3. <strong><span class=\"has-inline-color\" style=\"color: #27ac95;\">Tire uma soneca di\u00e1ria:<\/span><\/strong> Algumas pessoas acham as sonecas muito restauradoras; outras n\u00e3o conseguem encaixar uma em seu dia a dia sem interromper as atividades di\u00e1rias.\u00a0<\/p>\r\n\r\n\r\n\r\n<p class=\"azul\">Dica: uma soneca curta (at\u00e9 30 minutos no m\u00e1ximo) pode ser uma forma eficaz de aliviar a fadiga. Como regra geral, cochilos mais longos podem interferir no seu sono \u00e0 noite.\u00a0<\/p>\r\n\r\n\r\n\r\n<p>4. <strong><span class=\"has-inline-color\" style=\"color: #27ac95;\">Beba cafe\u00edna (mas evite \u00e1lcool!):<\/span><\/strong> Muitas vezes recomendamos um pouco de cafe\u00edna para os pacientes com fadiga. Costumamos dizer ao paciente que naquele momento de baixa energia (ap\u00f3s a hora do almo\u00e7o por exemplo), n\u00e3o h\u00e1 nada de errado em tomar um caf\u00e9 ou um ch\u00e1 com cafe\u00edna (como o ch\u00e1 verde ou preto ou o ch\u00e1-mate).\u00a0\u00a0<\/p>\r\n\r\n\r\n\r\n<p>Assim, evite tomar bebidas alco\u00f3licas \u00e0 noite. Pode fazer voc\u00ea se sentir sonolento no in\u00edcio, mas o \u00e1lcool \u00e9 conhecido por causar m\u00e1 qualidade do sono.<\/p>\r\n\r\n\r\n\r\n<p>5. <span class=\"has-inline-color\" style=\"color: #27ac95;\"><strong>Considere as causas psicol\u00f3gicas e altera\u00e7\u00f5es do sono:<\/strong> <\/span>conforme mostrado no estudo acima, os pacientes com fadiga devem ter seus sintomas de depress\u00e3o e sono abordados.<\/p>\r\n\r\n\r\n\r\n<p>O uso de antidepressivos e ajustes na arquitetura do sono podem ser muito ben\u00e9ficos para a fadiga!<\/p>\r\n\r\n\r\n\r\n<p class=\"verde\"><em>Mensagem final: A fadiga \u00e9 um sintoma muito comum na doen\u00e7a de Parkinson, e pode interferir com a qualidade de vida e atividades dos pacientes. O sono, depress\u00e3o, ansiedade devem sempre ser discutidos. A abordagem pode ajudar muito, portanto discuta com seu neurologista seus sintomas.<\/em><\/p>\r\n\r\n\r\n\r\n<p>Fonte<\/p>\r\n\r\n\r\n\r\n<p>Fatigue correlates with sleep disturbances in Parkinson disease. Cao RG et al. Chin Med J (Engl).<\/p>\r\n\r\n\r\n\r\n<p>Artigo escrito pelo <a href=\"https:\/\/rubenscury.com.br\/dr-rubens-cury\">Dr. Rubens Gisbert Cury<\/a><\/p>\r\n\r\n\r\n\r\n<p>M\u00e9dico Neurologista especialista em doen\u00e7a de Parkinson, Tremor Essencial, Distonia, e Estimula\u00e7\u00e3o Cerebral Profunda (DBS, deep brain stimulation).<\/p>\r\n","protected":false},"excerpt":{"rendered":"<p><span class=\"span-reading-time rt-reading-time\" style=\"display: block;\"><span class=\"rt-label rt-prefix\">Tempo de leitura: <\/span> <span class=\"rt-time\"> 3<\/span> <span class=\"rt-label rt-postfix\">minutos<\/span><\/span>A fadiga \u00e9 um dos sintomas mais comuns em pacientes com doen\u00e7a de Parkinson. No entanto, a fadiga associada \u00e0 doen\u00e7a de Parkinson n\u00e3o \u00e9 igual a sensa\u00e7\u00e3o de cansa\u00e7o que voc\u00ea sente depois de um longo dia de trabalho, cuidando de seus filhos, ou depois de ter ins\u00f4nia por algumas noites seguidas. A fadiga [&hellip;]<\/p>\n","protected":false},"author":2,"featured_media":314,"comment_status":"closed","ping_status":"closed","sticky":false,"template":"","format":"standard","meta":{"footnotes":""},"categories":[1],"tags":[],"class_list":["post-316","post","type-post","status-publish","format-standard","has-post-thumbnail","hentry","category-doenca-de-parkinson"],"_links":{"self":[{"href":"https:\/\/rubenscury.com.br\/blog\/wp-json\/wp\/v2\/posts\/316","targetHints":{"allow":["GET"]}}],"collection":[{"href":"https:\/\/rubenscury.com.br\/blog\/wp-json\/wp\/v2\/posts"}],"about":[{"href":"https:\/\/rubenscury.com.br\/blog\/wp-json\/wp\/v2\/types\/post"}],"author":[{"embeddable":true,"href":"https:\/\/rubenscury.com.br\/blog\/wp-json\/wp\/v2\/users\/2"}],"replies":[{"embeddable":true,"href":"https:\/\/rubenscury.com.br\/blog\/wp-json\/wp\/v2\/comments?post=316"}],"version-history":[{"count":4,"href":"https:\/\/rubenscury.com.br\/blog\/wp-json\/wp\/v2\/posts\/316\/revisions"}],"predecessor-version":[{"id":938,"href":"https:\/\/rubenscury.com.br\/blog\/wp-json\/wp\/v2\/posts\/316\/revisions\/938"}],"wp:featuredmedia":[{"embeddable":true,"href":"https:\/\/rubenscury.com.br\/blog\/wp-json\/wp\/v2\/media\/314"}],"wp:attachment":[{"href":"https:\/\/rubenscury.com.br\/blog\/wp-json\/wp\/v2\/media?parent=316"}],"wp:term":[{"taxonomy":"category","embeddable":true,"href":"https:\/\/rubenscury.com.br\/blog\/wp-json\/wp\/v2\/categories?post=316"},{"taxonomy":"post_tag","embeddable":true,"href":"https:\/\/rubenscury.com.br\/blog\/wp-json\/wp\/v2\/tags?post=316"}],"curies":[{"name":"wp","href":"https:\/\/api.w.org\/{rel}","templated":true}]}}