{"id":245,"date":"2021-08-19T19:03:59","date_gmt":"2021-08-19T22:03:59","guid":{"rendered":"https:\/\/rubenscury.com.br\/blog\/?p=245"},"modified":"2021-08-19T19:04:01","modified_gmt":"2021-08-19T22:04:01","slug":"doenca-de-parkinson-quando-procurar-um-neurologista","status":"publish","type":"post","link":"https:\/\/rubenscury.com.br\/blog\/doenca-de-parkinson-quando-procurar-um-neurologista\/","title":{"rendered":"Doen\u00e7a de Parkinson: quando procurar um neurologista?"},"content":{"rendered":"\n<p>Voc\u00ea j\u00e1 deve ter ouvido falar sobre a doen\u00e7a de Parkinson, mas voc\u00ea sabe identificar os sintomas e notar quando procurar por um neurologista?<\/p>\n\n\n\n<p>Hoje vamos te apresentar um pouco mais sobre essa doen\u00e7a.<\/p>\n\n\n\n<p>Veja s\u00f3!<\/p>\n\n\n\n<h2 class=\"wp-block-heading\">O que faz um neurologista?<\/h2>\n\n\n\n<p>O neurologista \u00e9 o m\u00e9dico respons\u00e1vel por prevenir, diagnosticar e tratar doen\u00e7as relacionadas ao sistema nervoso central, perif\u00e9rico e m\u00fasculos.&nbsp;<\/p>\n\n\n\n<p>Os pacientes n\u00e3o costumam buscar por este profissional de maneira espont\u00e2nea, sendo normalmente encaminhado por outros especialistas.<\/p>\n\n\n\n<p>Por vezes essa especialidade \u00e9 confundida com a psiquiatria, no entanto, este \u00e9 respons\u00e1vel por transtornos psicol\u00f3gicos e sa\u00fade mental, enquanto a neurologia \u00e9 respons\u00e1vel pelo c\u00e9rebro.&nbsp;<\/p>\n\n\n\n<p>Veja alguns sintomas que voc\u00ea deve ficar atento, pois podem sinalizar a necessidade de consultar um neurologista:<\/p>\n\n\n\n<ul class=\"wp-block-list\"><li>Dores de Cabe\u00e7a;<\/li><li>Desmaios;<\/li><li>Problemas de mem\u00f3ria;<\/li><li>Tremores;<\/li><li>Doen\u00e7a de Parkinson;<\/li><li><a href=\"https:\/\/oquefazumneurologista.com.br\/sindrome-da-apneia-do-sono\/\" target=\"_blank\" rel=\"noreferrer noopener\">Dist\u00farbios do sono como ronco ou apn\u00e9ia<\/a>;<\/li><li>Problemas musculares ou de motricidade;<\/li><li>Confus\u00e3o mental, entre outros.\u00a0<\/li><\/ul>\n\n\n\n<h2 class=\"wp-block-heading\">A doen\u00e7a de Parkinson<\/h2>\n\n\n\n<p>A <a href=\"https:\/\/rubenscury.com.br\/blog\/a-causa-da-doenca-de-parkinson-e-genetica\/\">doen\u00e7a<\/a> de Parkinson consiste em um dist\u00farbio neurol\u00f3gico do movimento.<\/p>\n\n\n\n<p>\u00c9 progressivo e degenerativo, usualmente diagnosticado em pessoas acima dos 60 anos, mas \u00e9 cada vez mais comum entre os jovens.<\/p>\n\n\n\n<p>Conforme a doen\u00e7a avan\u00e7a, se torna cada vez mais incapacitante, dificultando ou impossibilitando a realiza\u00e7\u00e3o de atividades simples do cotidiano.&nbsp;<\/p>\n\n\n\n<p>Os sintomas envolvem o controle motor, capacidade de controlar os m\u00fasculos e movimento.<\/p>\n\n\n\n<p>Veja como os sintomas se manifestam:<\/p>\n\n\n\n<h3 class=\"wp-block-heading\">1 &#8211; Tremor<\/h3>\n\n\n\n<p>O tremor \u00e9 o sintoma mais conhecido da doen\u00e7a de Parkinson.&nbsp;<\/p>\n\n\n\n<p>Muitas vezes pode come\u00e7ar de forma ocasional, como um dedo que eventualmente apresenta tremor e depois se espalha para todo o bra\u00e7o.<\/p>\n\n\n\n<p>Esta agita\u00e7\u00e3o involunt\u00e1ria e r\u00edtmica de um membro ou cabe\u00e7a pode ocorrer em apenas uma parte ou lado do corpo, at\u00e9 mesmo em todo corpo.<\/p>\n\n\n\n<h3 class=\"wp-block-heading\">2 &#8211; Rigidez<\/h3>\n\n\n\n<p>A rigidez \u00e9 uma inflexibilidade dos membros ou articula\u00e7\u00f5es.&nbsp;<\/p>\n\n\n\n<p>Muitas vezes come\u00e7a nas pernas ou pesco\u00e7o, afetando a maioria das pessoas com o diagn\u00f3stico.&nbsp;<\/p>\n\n\n\n<p>Neste sintoma, os m\u00fasculos se tornam tensos e contra\u00eddos, podendo haver presen\u00e7a de dores e inc\u00f4modos.&nbsp;<\/p>\n\n\n\n<h3 class=\"wp-block-heading\">3 &#8211; Bradicinesia ou acinesia<\/h3>\n\n\n\n<p>Esta \u00e9 a lentid\u00e3o ou aus\u00eancia de movimento, um dos sintomas cl\u00e1ssicos da doen\u00e7a de Parkinson.&nbsp;<\/p>\n\n\n\n<p>Ao longo do tempo ap\u00f3s o diagn\u00f3stico, o paciente pode apresentar uma postura inclinada e caminhar lento e arrastado.&nbsp;<\/p>\n\n\n\n<p>Al\u00e9m disso, a perda da possibilidade de movimento tamb\u00e9m pode ocorrer, podendo ser tempor\u00e1ria ou total.<\/p>\n\n\n\n<h3 class=\"wp-block-heading\">4 &#8211; Instabilidade postural<\/h3>\n\n\n\n<p>Representa a defici\u00eancia de equil\u00edbrio e coordena\u00e7\u00e3o motora.&nbsp;<\/p>\n\n\n\n<p>O paciente que apresenta instabilidade postural pode ter a cabe\u00e7a inclinada e os ombros ca\u00eddos.&nbsp;<\/p>\n\n\n\n<p>Este fato desenvolve um encurvamento para frente ou para tr\u00e1s, podendo haver quedas.&nbsp;<\/p>\n\n\n\n<h2 class=\"wp-block-heading\">Op\u00e7\u00f5es de tratamento<\/h2>\n\n\n\n<p>Ap\u00f3s avalia\u00e7\u00e3o neurol\u00f3gica e diagn\u00f3stico da doen\u00e7a de Parkinson, algumas das possibilidades de <a href=\"https:\/\/rubenscury.com.br\/blog\/dancar-melhora-os-sintomas-da-doenca-de-parkinson\/\">tratamento <\/a>envolvem:<\/p>\n\n\n\n<ul class=\"wp-block-list\"><li>Uso de medicamentos dopamin\u00e9rgicos;<\/li><li>Medicamentos inibidores de decarboxilase;<\/li><li>Medicamentos agonistas de dopamina;<\/li><li>Anticolin\u00e9rgicos;<\/li><li>Inibidores de MAO-B e COMT;<\/li><li>Terapia de estimula\u00e7\u00e3o cerebral profunda;<\/li><li>Entre outras possibilidades de tratamento com uma equipe interdisciplinar, como psic\u00f3logos e fisioterapeutas.&nbsp;<\/li><\/ul>\n\n\n\n<h2 class=\"wp-block-heading\">Se identificou com algum destes sintomas? Conhe\u00e7a o Dr. Rubens Gisbert Cury.<\/h2>\n\n\n\n<p>Caso voc\u00ea tenha se identificado com algum dos sintomas mencionados procure um neurologista e conhe\u00e7a o <a href=\"https:\/\/rubenscury.com.br\/blog\/bem-vindo-blog-dr-rubens-cury\/\">Dr. Rubens Gisbert Cury<\/a>!<\/p>\n\n\n\n<p>Ele \u00e9 m\u00e9dico especialista em Neurologia e atua especificamente com Dist\u00farbios do Movimento.<\/p>\n\n\n\n<p>Possui todo conhecimento necess\u00e1rio para acompanhar o tratamento da doen\u00e7a de Parkinson e te auxiliar a ter uma qualidade de vida melhor.&nbsp;Agende j\u00e1 sua <a href=\"https:\/\/rubenscury.com.br\/contato\">consulta<\/a>!<\/p>\n","protected":false},"excerpt":{"rendered":"<p><span class=\"span-reading-time rt-reading-time\" style=\"display: block;\"><span class=\"rt-label rt-prefix\">Tempo de leitura: <\/span> <span class=\"rt-time\"> 2<\/span> <span class=\"rt-label rt-postfix\">minutos<\/span><\/span>Voc\u00ea j\u00e1 deve ter ouvido falar sobre a doen\u00e7a de Parkinson, mas voc\u00ea sabe identificar os sintomas e notar quando procurar por um neurologista? Hoje vamos te apresentar um pouco mais sobre essa doen\u00e7a. Veja s\u00f3! O que faz um neurologista? O neurologista \u00e9 o m\u00e9dico respons\u00e1vel por prevenir, diagnosticar e tratar doen\u00e7as relacionadas ao [&hellip;]<\/p>\n","protected":false},"author":1,"featured_media":246,"comment_status":"closed","ping_status":"closed","sticky":false,"template":"","format":"standard","meta":{"footnotes":""},"categories":[1],"tags":[],"class_list":["post-245","post","type-post","status-publish","format-standard","has-post-thumbnail","hentry","category-doenca-de-parkinson"],"_links":{"self":[{"href":"https:\/\/rubenscury.com.br\/blog\/wp-json\/wp\/v2\/posts\/245","targetHints":{"allow":["GET"]}}],"collection":[{"href":"https:\/\/rubenscury.com.br\/blog\/wp-json\/wp\/v2\/posts"}],"about":[{"href":"https:\/\/rubenscury.com.br\/blog\/wp-json\/wp\/v2\/types\/post"}],"author":[{"embeddable":true,"href":"https:\/\/rubenscury.com.br\/blog\/wp-json\/wp\/v2\/users\/1"}],"replies":[{"embeddable":true,"href":"https:\/\/rubenscury.com.br\/blog\/wp-json\/wp\/v2\/comments?post=245"}],"version-history":[{"count":1,"href":"https:\/\/rubenscury.com.br\/blog\/wp-json\/wp\/v2\/posts\/245\/revisions"}],"predecessor-version":[{"id":247,"href":"https:\/\/rubenscury.com.br\/blog\/wp-json\/wp\/v2\/posts\/245\/revisions\/247"}],"wp:featuredmedia":[{"embeddable":true,"href":"https:\/\/rubenscury.com.br\/blog\/wp-json\/wp\/v2\/media\/246"}],"wp:attachment":[{"href":"https:\/\/rubenscury.com.br\/blog\/wp-json\/wp\/v2\/media?parent=245"}],"wp:term":[{"taxonomy":"category","embeddable":true,"href":"https:\/\/rubenscury.com.br\/blog\/wp-json\/wp\/v2\/categories?post=245"},{"taxonomy":"post_tag","embeddable":true,"href":"https:\/\/rubenscury.com.br\/blog\/wp-json\/wp\/v2\/tags?post=245"}],"curies":[{"name":"wp","href":"https:\/\/api.w.org\/{rel}","templated":true}]}}