{"id":1499,"date":"2023-08-07T15:32:25","date_gmt":"2023-08-07T18:32:25","guid":{"rendered":"https:\/\/rubenscury.com.br\/blog\/?p=1499"},"modified":"2023-09-05T12:15:17","modified_gmt":"2023-09-05T15:15:17","slug":"30-sintomas-pouco-conhecidos-do-parkinson","status":"publish","type":"post","link":"https:\/\/rubenscury.com.br\/blog\/30-sintomas-pouco-conhecidos-do-parkinson\/","title":{"rendered":"30 sintomas pouco conhecidos do Parkinson"},"content":{"rendered":"\n<p>Uma pesquisa encomendada pela ONG <a href=\"https:\/\/cureparkinsons.org.uk\/\" target=\"_blank\" rel=\"noopener\">Cure Parkinson&#8217;s<\/a> revelou que existem cerca de <strong>30 sintomas<\/strong> que podem ser indicativos do <strong>Parkinson<\/strong>. No entanto, a maioria das pessoas s\u00f3 reconhece dois: <strong>tremores<\/strong> e <strong>problemas de equil\u00edbrio<\/strong>. Isso destaca a import\u00e2ncia de aumentar a conscientiza\u00e7\u00e3o sobre a ampla gama de sinais associados a essa condi\u00e7\u00e3o neurol\u00f3gica.<\/p>\n\n\n\n<p>O levantamento realizado no Reino Unido constatou que, entre os entrevistados, apenas 69% e 52% associaram corretamente esses dois sintomas \u00e0 doen\u00e7a, respectivamente.&nbsp;<\/p>\n\n\n\n<p>Rigidez, lentid\u00e3o de movimentos e problemas oculares, como vis\u00e3o turva, tamb\u00e9m foram mencionados com frequ\u00eancia pelos participantes. Mas uma lacuna sobre diversos outros sintomas \u00e9 evidente.&nbsp;<\/p>\n\n\n\n<p>Os dados mostram que 74% n\u00e3o sabiam que <strong>depress\u00e3o<\/strong>, <strong>ansiedade<\/strong> ou <strong>dor<\/strong> poderiam indicar um sinal potencial da doen\u00e7a; 83% das pessoas n\u00e3o tinham conhecimento que <strong>perder o olfato<\/strong> \u00e9 um sinal prov\u00e1vel \u2013 que pode aparecer anos antes de outros se desenvolverem, tornando-o um indicador importante para o diagn\u00f3stico precoce da <a href=\"https:\/\/rubenscury.com.br\/blog\/o-que-e-a-doenca-de-parkinson\/\">doen\u00e7a de Parkinson<\/a>.&nbsp;<\/p>\n\n\n\n<p>Outro dado intrigante \u00e9 que 66% n\u00e3o sabiam que o <strong>congelamento f\u00edsico<\/strong>, ou a incapacidade tempor\u00e1ria de se mover, poderia ser um sinal de alerta. Al\u00e9m disso, 87% n\u00e3o tinham ideia de que uma <strong>redu\u00e7\u00e3o no tamanho da caligrafia<\/strong> tamb\u00e9m poderia ser um sinal da condi\u00e7\u00e3o.<\/p>\n\n\n\n<p>\u00c9 importante destacar que um em cada tr\u00eas adultos que participaram da pesquisa disse conhecer algu\u00e9m com Parkinson.&nbsp;&nbsp;<\/p>\n\n\n\n<p><strong>Veja quais s\u00e3o os 30 sintomas do Parkinson<\/strong><\/p>\n\n\n\n<p>1. Tremor em repouso<\/p>\n\n\n\n<p>2. Rigidez<\/p>\n\n\n\n<p>3. Lentid\u00e3o de movimento<\/p>\n\n\n\n<p>4. Problemas de equil\u00edbrio, por exemplo, queda<\/p>\n\n\n\n<p>5. Dificuldade para andar ou arrastar as pernas<\/p>\n\n\n\n<p>6. Tontura<\/p>\n\n\n\n<p>7. Congelamento do movimento<\/p>\n\n\n\n<p>8. <a href=\"https:\/\/rubenscury.com.br\/blog\/o-que-distonia\/\">Distonia<\/a><\/p>\n\n\n\n<p>9. C\u00e3ibras musculares<\/p>\n\n\n\n<p>10. Dor<\/p>\n\n\n\n<p>11. Problemas de sono ou ins\u00f4nia<\/p>\n\n\n\n<p>12. Fadiga<\/p>\n\n\n\n<p>13. Postura curvada ou encurvada<\/p>\n\n\n\n<p>14. Press\u00e3o arterial baixa<\/p>\n\n\n\n<p>15. Pernas inquietas<\/p>\n\n\n\n<p>16. Problemas intestinais, incluindo pris\u00e3o de ventre<\/p>\n\n\n\n<p>17. Incontin\u00eancia urin\u00e1ria<\/p>\n\n\n\n<p>18. Perda do olfato<\/p>\n\n\n\n<p>19. Problemas de pele, por exemplo, sudorese ou seborreia<\/p>\n\n\n\n<p>20. Suaviza\u00e7\u00e3o ou voz baixa<\/p>\n\n\n\n<p>21. Problemas de fala ou comunica\u00e7\u00e3o<\/p>\n\n\n\n<p>22. Problemas sexuais<\/p>\n\n\n\n<p>23. Problemas oculares, como vis\u00e3o turva<\/p>\n\n\n\n<p>24. Problemas nos p\u00e9s, por exemplo, rigidez, edema e marcha plana<\/p>\n\n\n\n<p>25. Caligrafia menor<\/p>\n\n\n\n<p>26. Dificuldade para engolir<\/p>\n\n\n\n<p>27. Saliva\u00e7\u00e3o excessiva<\/p>\n\n\n\n<p>28. Dem\u00eancia<\/p>\n\n\n\n<p>29. Falta de concentra\u00e7\u00e3o<\/p>\n\n\n\n<p>30. Depress\u00e3o e ansiedade, incluindo altera\u00e7\u00f5es de humor e de personalidade.<\/p>\n\n\n\n<h2 class=\"wp-block-heading\"><strong>Doen\u00e7a de Parkinson<\/strong><\/h2>\n\n\n\n<p>O Parkinson \u00e9 uma doen\u00e7a neurol\u00f3gica cr\u00f4nica e progressiva, que afeta principalmente a parte motora. A condi\u00e7\u00e3o causa degenera\u00e7\u00e3o das c\u00e9lulas situadas numa regi\u00e3o do c\u00e9rebro chamada <strong>subst\u00e2ncia negra<\/strong>.&nbsp;<\/p>\n\n\n\n<p>Essa \u00e1rea \u00e9 respons\u00e1vel por produzir a <a href=\"https:\/\/www.tuasaude.com\/dopamina\/\" target=\"_blank\" rel=\"noopener\">dopamina<\/a>, neurotransmissor associado ao movimento do corpo. A baixa dopamina afeta a capacidade motora do paciente.<\/p>\n\n\n\n<p>A doen\u00e7a de Parkinson \u00e9 mais comum a partir dos 65 anos, mas existem casos em que ela se manifesta precocemente, antes inclusive dos 40 anos.<\/p>\n\n\n\n<h2 class=\"wp-block-heading\"><strong>Quais s\u00e3o os tratamentos dispon\u00edveis para o Parkinson?<\/strong><\/h2>\n\n\n\n<p>Os tratamentos mais comuns envolvem o <strong>uso de medicamentos<\/strong> que visam estimular a dopamina cerebral e diminuir a degrada\u00e7\u00e3o do neurotransmissor. Essa abordagem pode ser adotada isoladamente ou combinada com outras estrat\u00e9gias.<\/p>\n\n\n\n<p>No in\u00edcio da doen\u00e7a, geralmente, \u00e9 prescrita uma medica\u00e7\u00e3o e, com o passar do tempo, \u00e9 necess\u00e1rio aumentar tanto a dosagem quanto associar outros f\u00e1rmacos para manter os <a href=\"https:\/\/dmplus.com.br\/blog\/como-saber-se-o-parkinson-esta-avancado\/\" target=\"_blank\" rel=\"noopener\">sintomas do Parkinson<\/a> sob controle.<\/p>\n\n\n\n<p>Existe tamb\u00e9m a possibilidade de realizar a <a href=\"https:\/\/rubenscury.com.br\/blog\/o-que-cirurgia-estimulacao-cerebral-profunda\/\">Estimula\u00e7\u00e3o Cerebral Profunda<\/a> ou <em>Deep Brain Stimulation<\/em> (DBS) em ingl\u00eas. Durante a cirurgia s\u00e3o implantados, primeiramente, dois eletrodos em \u00e1reas do c\u00e9rebro, que ser\u00e3o estimuladas por um gerador de pulsos colocado sob a pele na regi\u00e3o da clav\u00edcula.&nbsp;<\/p>\n\n\n\n<p>Os impulsos el\u00e9tricos s\u00e3o enviados do gerador at\u00e9 o c\u00e9rebro, modulando a atividade de estruturas nervosas respons\u00e1veis pelos sintomas do Parkinson. A grande vantagem da <strong>cirurgia DBS<\/strong> \u00e9 a redu\u00e7\u00e3o na quantidade de rem\u00e9dios utilizados, minimizando os efeitos colaterais associados.<\/p>\n\n\n\n<p>A cirurgia de Estimula\u00e7\u00e3o Cerebral Profunda tem crit\u00e9rios espec\u00edficos. \u00c9 necess\u00e1rio um diagn\u00f3stico preciso de Parkinson e avaliar a efic\u00e1cia das medica\u00e7\u00f5es. Outro crit\u00e9rio avaliado \u00e9 a qualidade de vida do paciente devido a sintomas como tremores, dor e mobilidade reduzida. Geralmente, \u00e9 recomendado pelo menos cinco anos de diagn\u00f3stico de Parkinson para uma avalia\u00e7\u00e3o precisa.<\/p>\n\n\n\n<p>Voc\u00ea est\u00e1 buscando um diagn\u00f3stico preciso e tratamento eficaz para doen\u00e7as neurol\u00f3gicas?<\/p>\n\n\n\n<p>O <strong>Dr. Rubens Cury<\/strong> \u00e9 m\u00e9dico neurologista especialista em doen\u00e7a de Parkinson, Tremor Essencial, Distonia e Estimula\u00e7\u00e3o Cerebral Profunda (DBS). Possui doutorado em Neurologia pela Universidade de S\u00e3o Paulo e p\u00f3s-doutorado em Neurologia pela Universidade de S\u00e3o Paulo e Universidade de Grenoble, na Fran\u00e7a. <a href=\"https:\/\/api.whatsapp.com\/send?phone=5511974730293&amp;text=Ol%C3%A1,%20encontrei%20seu%20site%20e%20gostaria%20de%20informa%C3%A7%C3%B5es%20sobre%20consultas.\" target=\"_blank\" rel=\"noreferrer noopener\">Entre em contato e agende sua consulta<\/a>!<\/p>\n\n\n\n<p><strong>Leia tamb\u00e9m:<\/strong><\/p>\n\n\n\n<p><a href=\"https:\/\/rubenscury.com.br\/blog\/sensacao-de-estar-cansado-o-tempo-todo-pode-estar-relacionada-ao-parkinson\/\">Sensa\u00e7\u00e3o de estar cansado o tempo todo pode estar relacionada \u00e0 doen\u00e7a de Parkinson<\/a><\/p>\n","protected":false},"excerpt":{"rendered":"<p><span class=\"span-reading-time rt-reading-time\" style=\"display: block;\"><span class=\"rt-label rt-prefix\">Tempo de leitura: <\/span> <span class=\"rt-time\"> 3<\/span> <span class=\"rt-label rt-postfix\">minutos<\/span><\/span>Uma pesquisa encomendada pela ONG Cure Parkinson&#8217;s revelou que existem cerca de 30 sintomas que podem ser indicativos do Parkinson. No entanto, a maioria das pessoas s\u00f3 reconhece dois: tremores e problemas de equil\u00edbrio. Isso destaca a import\u00e2ncia de aumentar a conscientiza\u00e7\u00e3o sobre a ampla gama de sinais associados a essa condi\u00e7\u00e3o neurol\u00f3gica. O levantamento [&hellip;]<\/p>\n","protected":false},"author":1,"featured_media":1500,"comment_status":"closed","ping_status":"closed","sticky":false,"template":"","format":"standard","meta":{"footnotes":""},"categories":[1],"tags":[],"class_list":["post-1499","post","type-post","status-publish","format-standard","has-post-thumbnail","hentry","category-doenca-de-parkinson"],"_links":{"self":[{"href":"https:\/\/rubenscury.com.br\/blog\/wp-json\/wp\/v2\/posts\/1499","targetHints":{"allow":["GET"]}}],"collection":[{"href":"https:\/\/rubenscury.com.br\/blog\/wp-json\/wp\/v2\/posts"}],"about":[{"href":"https:\/\/rubenscury.com.br\/blog\/wp-json\/wp\/v2\/types\/post"}],"author":[{"embeddable":true,"href":"https:\/\/rubenscury.com.br\/blog\/wp-json\/wp\/v2\/users\/1"}],"replies":[{"embeddable":true,"href":"https:\/\/rubenscury.com.br\/blog\/wp-json\/wp\/v2\/comments?post=1499"}],"version-history":[{"count":2,"href":"https:\/\/rubenscury.com.br\/blog\/wp-json\/wp\/v2\/posts\/1499\/revisions"}],"predecessor-version":[{"id":1512,"href":"https:\/\/rubenscury.com.br\/blog\/wp-json\/wp\/v2\/posts\/1499\/revisions\/1512"}],"wp:featuredmedia":[{"embeddable":true,"href":"https:\/\/rubenscury.com.br\/blog\/wp-json\/wp\/v2\/media\/1500"}],"wp:attachment":[{"href":"https:\/\/rubenscury.com.br\/blog\/wp-json\/wp\/v2\/media?parent=1499"}],"wp:term":[{"taxonomy":"category","embeddable":true,"href":"https:\/\/rubenscury.com.br\/blog\/wp-json\/wp\/v2\/categories?post=1499"},{"taxonomy":"post_tag","embeddable":true,"href":"https:\/\/rubenscury.com.br\/blog\/wp-json\/wp\/v2\/tags?post=1499"}],"curies":[{"name":"wp","href":"https:\/\/api.w.org\/{rel}","templated":true}]}}