{"id":1366,"date":"2023-02-24T17:03:03","date_gmt":"2023-02-24T20:03:03","guid":{"rendered":"https:\/\/rubenscury.com.br\/blog\/?p=1366"},"modified":"2023-03-23T19:16:34","modified_gmt":"2023-03-23T22:16:34","slug":"disfuncao-da-microbiota-intestinal-pode-levar-ao-parkinson","status":"publish","type":"post","link":"https:\/\/rubenscury.com.br\/blog\/disfuncao-da-microbiota-intestinal-pode-levar-ao-parkinson\/","title":{"rendered":"Estudo revela como o desequil\u00edbrio da microbiota intestinal pode levar \u00e0 doen\u00e7a de Parkinson"},"content":{"rendered":"\n<p>Voc\u00ea sabia que o desequil\u00edbrio da microbiota intestinal pode estar relacionado \u00e0 <strong>Doen\u00e7a de Parkinson<\/strong>? Esse \u00e9 o tema de um dos mais novos estudos realizados sobre essa condi\u00e7\u00e3o.<\/p>\n\n\n\n<p>No conte\u00fado de hoje voc\u00ea vai saber mais sobre o assunto e conferir dicas para prevenir essa complica\u00e7\u00e3o. Tenha uma boa leitura!<\/p>\n\n\n\n<h2 class=\"wp-block-heading\">O que \u00e9 a doen\u00e7a de Parkinson?<\/h2>\n\n\n\n<p>A doen\u00e7a de Parkinson \u00e9 um dist\u00farbio neurol\u00f3gico progressivo que afeta principalmente a coordena\u00e7\u00e3o motora e o movimento. Ela \u00e9 causada pela redu\u00e7\u00e3o das c\u00e9lulas nervosas respons\u00e1veis pela produ\u00e7\u00e3o de dopamina, um neurotransmissor importante para o controle motor.&nbsp;<\/p>\n\n\n\n<p>Os sintomas da doen\u00e7a de Parkinson incluem tremores, rigidez muscular, lentid\u00e3o dos movimentos e instabilidade postural. \u00c0 medida que a doen\u00e7a progride, os sintomas podem se tornar mais graves, afetando a capacidade do paciente de realizar atividades di\u00e1rias. Embora n\u00e3o haja cura para essa condi\u00e7\u00e3o, o tratamento pode ajudar a controlar os efeitos e melhorar a qualidade de vida dos pacientes.<\/p>\n\n\n\n<h2 class=\"wp-block-heading\">O que \u00e9 a microbiota intestinal?<\/h2>\n\n\n\n<p>A <a href=\"https:\/\/rubenscury.com.br\/blog\/mitos-e-verdades-parkinson-comeca-no-intestino\/\">microbiota intestinal<\/a> \u00e9 o conjunto de microorganismos que habitam o trato gastrointestinal humano. Essa comunidade microbiana \u00e9 composta por milhares de esp\u00e9cies de bact\u00e9rias, v\u00edrus, fungos e outros microorganismos, que desempenham fun\u00e7\u00f5es essenciais para a sa\u00fade.&nbsp;<\/p>\n\n\n\n<p>A microbiota intestinal participa da digest\u00e3o de alimentos, produ\u00e7\u00e3o de vitaminas e outros compostos bioativos, regula\u00e7\u00e3o do sistema imunol\u00f3gico e prote\u00e7\u00e3o contra pat\u00f3genos. O desequil\u00edbrio na microbiota, conhecido como disbiose, est\u00e1 associado a diversas doen\u00e7as, incluindo doen\u00e7as inflamat\u00f3rias intestinais, obesidade, diabetes, autismo e depress\u00e3o.&nbsp;<\/p>\n\n\n\n<p>A compreens\u00e3o da microbiota intestinal tem sido objeto de intensa pesquisa nas \u00faltimas d\u00e9cadas, impulsionando o desenvolvimento de novas abordagens terap\u00eauticas.<\/p>\n\n\n\n<h2 class=\"wp-block-heading\">Qual \u00e9 a rela\u00e7\u00e3o entre a microbiota intestinal e a doen\u00e7a de Parkinson?<\/h2>\n\n\n\n<p>Estudos realizados por <a href=\"https:\/\/limhc.fm.usp.br\/portal\/estudo-revela-como-o-desequilibrio-da-microbiota-intestinal-pode-levar-a-doenca-de-parkinson\/\" target=\"_blank\" rel=\"noopener\">pesquisadores do Centro Nacional de Pesquisa em Energia e Materiais (CNPEM)<\/a>, em Campinas, mostram que as causas da doen\u00e7a de Parkinson podem ser percebidas no sistema nervoso ent\u00e9rico muito antes de os sintomas cognitivos se iniciarem. Quando h\u00e1 um desequil\u00edbrio na microbiota, as c\u00e9lulas enteroend\u00f3crinas podem ser um fator chave para o desenvolvimento do quadro, a partir de conex\u00f5es com o sistema neural.<\/p>\n\n\n\n<p>As pesquisas ainda est\u00e3o sendo realizadas. De qualquer maneira, \u00e9 importante cuidar bem da sa\u00fade de forma integral e se prevenir contra esses dist\u00farbios.<\/p>\n\n\n\n<h2 class=\"wp-block-heading\">Como se prevenir contra desequil\u00edbrios na microbiota intestinal?<\/h2>\n\n\n\n<p>Algumas medidas podem ser adotadas para prevenir o desequil\u00edbrio na microbiota intestinal, como:<\/p>\n\n\n\n<ul class=\"wp-block-list\">\n<li>Alimenta\u00e7\u00e3o saud\u00e1vel: consumir uma dieta rica em fibras, frutas, verduras, legumes e alimentos fermentados;<\/li>\n\n\n\n<li>Uso respons\u00e1vel de antibi\u00f3ticos: evitar o uso desnecess\u00e1rio de antibi\u00f3ticos e seguir as recomenda\u00e7\u00f5es m\u00e9dicas;<\/li>\n\n\n\n<li>Pr\u00e1tica de atividade f\u00edsica: manter um estilo de vida ativo e praticar exerc\u00edcios f\u00edsicos regularmente;<\/li>\n\n\n\n<li>Redu\u00e7\u00e3o do estresse: adotar t\u00e9cnicas de relaxamento, como medita\u00e7\u00e3o, yoga e mindfulness;<\/li>\n\n\n\n<li>Evitar o consumo excessivo de \u00e1lcool e tabaco: o \u00e1lcool e o tabaco podem afetar a composi\u00e7\u00e3o da microbiota intestinal;<\/li>\n\n\n\n<li>Uso de probi\u00f3ticos: o consumo de alimentos ricos em probi\u00f3ticos pode ajudar a manter a sa\u00fade da microbiota intestinal.<\/li>\n<\/ul>\n\n\n\n<p>Com um estilo de vida saud\u00e1vel, \u00e9 poss\u00edvel melhorar os sintomas da <em>&#8220;DOEN\u00c7A DE PARKINSON&#8221;<\/em>. Ficar atento aos estudos nessa \u00e1rea tamb\u00e9m \u00e9 interessante para se informar, mas sempre procure um profissional para determinar o melhor tratamento para cada paciente.<\/p>\n\n\n\n<p>Se voc\u00ea ficou com alguma d\u00favida ou quer saber mais, n\u00e3o deixe de <strong><a href=\"https:\/\/api.whatsapp.com\/send\/?phone=5511974730293&amp;text&amp;type=phone_number&amp;app_absent=0\" target=\"_blank\" data-type=\"URL\" data-id=\"https:\/\/api.whatsapp.com\/send\/?phone=5511974730293&amp;text&amp;type=phone_number&amp;app_absent=0\" rel=\"noreferrer noopener\">entrar em contato.\u00a0<\/a><\/strong><\/p>\n\n\n\n<p><strong>Leia tamb\u00e9m:<\/strong><\/p>\n\n\n\n<p><a href=\"https:\/\/rubenscury.com.br\/blog\/distonia-focal-da-mao-especifica-o-que-e\/\">Distonia focal da m\u00e3o espec\u00edfica: o que \u00e9?<\/a><\/p>\n\n\n\n<p><a href=\"https:\/\/rubenscury.com.br\/blog\/formas-de-proteinas-podem-ser-um-biomarcador-para-a-doenca-de-parkinson\/\">Formas de prote\u00ednas podem ser um biomarcador para a doen\u00e7a de Parkinson<\/a><\/p>\n","protected":false},"excerpt":{"rendered":"<p><span class=\"span-reading-time rt-reading-time\" style=\"display: block;\"><span class=\"rt-label rt-prefix\">Tempo de leitura: <\/span> <span class=\"rt-time\"> 2<\/span> <span class=\"rt-label rt-postfix\">minutos<\/span><\/span>Voc\u00ea sabia que o desequil\u00edbrio da microbiota intestinal pode estar relacionado \u00e0 Doen\u00e7a de Parkinson? Esse \u00e9 o tema de um dos mais novos estudos realizados sobre essa condi\u00e7\u00e3o. No conte\u00fado de hoje voc\u00ea vai saber mais sobre o assunto e conferir dicas para prevenir essa complica\u00e7\u00e3o. Tenha uma boa leitura! O que \u00e9 a [&hellip;]<\/p>\n","protected":false},"author":1,"featured_media":1361,"comment_status":"closed","ping_status":"closed","sticky":false,"template":"","format":"standard","meta":{"footnotes":""},"categories":[1],"tags":[],"class_list":["post-1366","post","type-post","status-publish","format-standard","has-post-thumbnail","hentry","category-doenca-de-parkinson"],"_links":{"self":[{"href":"https:\/\/rubenscury.com.br\/blog\/wp-json\/wp\/v2\/posts\/1366","targetHints":{"allow":["GET"]}}],"collection":[{"href":"https:\/\/rubenscury.com.br\/blog\/wp-json\/wp\/v2\/posts"}],"about":[{"href":"https:\/\/rubenscury.com.br\/blog\/wp-json\/wp\/v2\/types\/post"}],"author":[{"embeddable":true,"href":"https:\/\/rubenscury.com.br\/blog\/wp-json\/wp\/v2\/users\/1"}],"replies":[{"embeddable":true,"href":"https:\/\/rubenscury.com.br\/blog\/wp-json\/wp\/v2\/comments?post=1366"}],"version-history":[{"count":3,"href":"https:\/\/rubenscury.com.br\/blog\/wp-json\/wp\/v2\/posts\/1366\/revisions"}],"predecessor-version":[{"id":1380,"href":"https:\/\/rubenscury.com.br\/blog\/wp-json\/wp\/v2\/posts\/1366\/revisions\/1380"}],"wp:featuredmedia":[{"embeddable":true,"href":"https:\/\/rubenscury.com.br\/blog\/wp-json\/wp\/v2\/media\/1361"}],"wp:attachment":[{"href":"https:\/\/rubenscury.com.br\/blog\/wp-json\/wp\/v2\/media?parent=1366"}],"wp:term":[{"taxonomy":"category","embeddable":true,"href":"https:\/\/rubenscury.com.br\/blog\/wp-json\/wp\/v2\/categories?post=1366"},{"taxonomy":"post_tag","embeddable":true,"href":"https:\/\/rubenscury.com.br\/blog\/wp-json\/wp\/v2\/tags?post=1366"}],"curies":[{"name":"wp","href":"https:\/\/api.w.org\/{rel}","templated":true}]}}