{"id":1272,"date":"2022-12-07T10:15:55","date_gmt":"2022-12-07T13:15:55","guid":{"rendered":"https:\/\/rubenscury.com.br\/blog\/?p=1272"},"modified":"2023-01-04T17:07:37","modified_gmt":"2023-01-04T20:07:37","slug":"o-que-leva-uma-pessoa-a-ter-parkinson","status":"publish","type":"post","link":"https:\/\/rubenscury.com.br\/blog\/o-que-leva-uma-pessoa-a-ter-parkinson\/","title":{"rendered":"O que leva uma pessoa a ter Parkinson"},"content":{"rendered":"\n<p>A doen\u00e7a de Parkinson \u00e9 um dist\u00farbio comum que afeta a habilidade cerebral de controle volunt\u00e1rio dos movimentos. Ela ocorre por causa da degenera\u00e7\u00e3o das c\u00e9lulas situadas numa regi\u00e3o do c\u00e9rebro chamada subst\u00e2ncia negra. Essas c\u00e9lulas produzem a subst\u00e2ncia dopamina, que conduz as correntes nervosas (neurotransmissores) ao corpo. A falta ou diminui\u00e7\u00e3o da dopamina afeta os movimentos provocando os sintomas.&nbsp;<\/p>\n\n\n\n<p>Causa tremores, lentid\u00e3o de movimentos (bradicinesia), rigidez muscular, desequil\u00edbrio, al\u00e9m de altera\u00e7\u00f5es na fala e na escrita.<\/p>\n\n\n\n<p>No Brasil, estima-se que 200 mil pessoas sofram com o problema. Apesar de ser mais comum ap\u00f3s os 65 anos, existem pessoas diagnosticadas com a doen\u00e7a em faixas et\u00e1rias mais jovens, antes dos 50 anos.<\/p>\n\n\n\n<p>Muitos pacientes com Parkinson s\u00e3o capazes de viver durante muitos anos sem manifestar nenhum dos sintomas, ou sem apresent\u00e1-los de maneira grave.<\/p>\n\n\n\n<p><strong>As causas do Parkinson<\/strong><\/p>\n\n\n\n<p>As causas exatas da doen\u00e7a de Parkinson s\u00e3o desconhecidas, mas pesquisadores acreditam que alguns fatores de risco podem estar relacionados \u00e0 doen\u00e7a. Nos portadores de Parkinson, c\u00e9lulas nervosas come\u00e7am a se degenerar lentamente, o que leva \u00e0 perda da compet\u00eancia de produzir a dopamina. Como resultado, os sintomas do Parkinson come\u00e7am a se manifestar ao longo do tempo, at\u00e9 que se tornam severos e incapacitam o paciente.<\/p>\n\n\n\n<p>No entanto, n\u00e3o se sabe exatamente porque esses neur\u00f4nios param de funcionar corretamente. A queda de produ\u00e7\u00e3o de dopamina e a degenera\u00e7\u00e3o desses neur\u00f4nios acontecem de forma distinta entre as pessoas, por isso os parkinsonianos apresentam diferentes sintomas em intervalos de tempo que n\u00e3o seguem um padr\u00e3o.<\/p>\n\n\n\n<p>Cada pessoa pode apresentar neur\u00f4nios que degeneram mais rapidamente ou mais lentamente, de modo que existem casos em que o portador vive normalmente, e outros em que o indiv\u00edduo \u00e9 incapaz de se mover.<\/p>\n\n\n\n<p>Algumas das principais teorias sobre o que provocaria Parkinson s\u00e3o fatores gen\u00e9ticos, como muta\u00e7\u00f5es, e contato intenso com pesticidas, produtos qu\u00edmicos t\u00f3xicos e metais pesados.Embora o Mal de Parkinson atualmente n\u00e3o tenha cura, h\u00e1 v\u00e1rias op\u00e7\u00f5es de tratamento, incluindo medica\u00e7\u00e3o e cirurgia. Para mais informa\u00e7\u00f5es, entre em contato com o neurologista Dr. Rubens Cury, especialista em Parkinson e cirurgia de DBS.<\/p>\n","protected":false},"excerpt":{"rendered":"<p><span class=\"span-reading-time rt-reading-time\" style=\"display: block;\"><span class=\"rt-label rt-prefix\">Tempo de leitura: <\/span> <span class=\"rt-time\"> 2<\/span> <span class=\"rt-label rt-postfix\">minutos<\/span><\/span>A doen\u00e7a de Parkinson \u00e9 um dist\u00farbio comum que afeta a habilidade cerebral de controle volunt\u00e1rio dos movimentos. Ela ocorre por causa da degenera\u00e7\u00e3o das c\u00e9lulas situadas numa regi\u00e3o do c\u00e9rebro chamada subst\u00e2ncia negra. Essas c\u00e9lulas produzem a subst\u00e2ncia dopamina, que conduz as correntes nervosas (neurotransmissores) ao corpo. A falta ou diminui\u00e7\u00e3o da dopamina afeta [&hellip;]<\/p>\n","protected":false},"author":1,"featured_media":1268,"comment_status":"closed","ping_status":"closed","sticky":false,"template":"","format":"standard","meta":{"footnotes":""},"categories":[1],"tags":[],"class_list":["post-1272","post","type-post","status-publish","format-standard","has-post-thumbnail","hentry","category-doenca-de-parkinson"],"_links":{"self":[{"href":"https:\/\/rubenscury.com.br\/blog\/wp-json\/wp\/v2\/posts\/1272","targetHints":{"allow":["GET"]}}],"collection":[{"href":"https:\/\/rubenscury.com.br\/blog\/wp-json\/wp\/v2\/posts"}],"about":[{"href":"https:\/\/rubenscury.com.br\/blog\/wp-json\/wp\/v2\/types\/post"}],"author":[{"embeddable":true,"href":"https:\/\/rubenscury.com.br\/blog\/wp-json\/wp\/v2\/users\/1"}],"replies":[{"embeddable":true,"href":"https:\/\/rubenscury.com.br\/blog\/wp-json\/wp\/v2\/comments?post=1272"}],"version-history":[{"count":1,"href":"https:\/\/rubenscury.com.br\/blog\/wp-json\/wp\/v2\/posts\/1272\/revisions"}],"predecessor-version":[{"id":1273,"href":"https:\/\/rubenscury.com.br\/blog\/wp-json\/wp\/v2\/posts\/1272\/revisions\/1273"}],"wp:featuredmedia":[{"embeddable":true,"href":"https:\/\/rubenscury.com.br\/blog\/wp-json\/wp\/v2\/media\/1268"}],"wp:attachment":[{"href":"https:\/\/rubenscury.com.br\/blog\/wp-json\/wp\/v2\/media?parent=1272"}],"wp:term":[{"taxonomy":"category","embeddable":true,"href":"https:\/\/rubenscury.com.br\/blog\/wp-json\/wp\/v2\/categories?post=1272"},{"taxonomy":"post_tag","embeddable":true,"href":"https:\/\/rubenscury.com.br\/blog\/wp-json\/wp\/v2\/tags?post=1272"}],"curies":[{"name":"wp","href":"https:\/\/api.w.org\/{rel}","templated":true}]}}